{"id":1945,"date":"2018-05-17T10:43:58","date_gmt":"2018-05-17T08:43:58","guid":{"rendered":"https:\/\/www.fluentis.com\/blog\/sistemi-mes-copy\/"},"modified":"2023-08-22T09:32:10","modified_gmt":"2023-08-22T07:32:10","slug":"il-gdpr","status":"publish","type":"post","link":"https:\/\/www.fluentis.com\/it\/blog\/il-gdpr\/","title":{"rendered":"Il Gdpr: protezione dei dati, ma non Privacy"},"content":{"rendered":"\n<h2 class=\"wp-block-heading\">Protezione dei dati ma non privacy<\/h2>\n\n\n\n<p>Il regolamento non parla di privacy in quanto, se da un lato sancisce il diritto alla protezione dei dati, dall\u2019altro afferma che tale tutela non deve limitarne la circolazione, prendendo atto implicitamente che le informazioni sono l\u2019elemento cardine del sistema economico. L\u2019ordinamento infatti considera il dato come un \u201cbene economico\u201d e quindi le informazioni devono essere trattate ma con la cautela riservata a qualsiasi oggetto di valore.<\/p>\n\n\n\n<h2 class=\"wp-block-heading\">Alto livello di formalizzazione<\/h2>\n\n\n\n<p>Il vocabolo che spesso viene utilizzato nella legge \u00e8 \u201caccountability\u201d, ovvero la responsabilit\u00e0 da parte di chi gestisce i dati di dimostrare, attraverso un ragionamento logico, la correttezza e la conformit\u00e0 al regolamento in modo oggettivo e rilevabile, per questo in pi\u00f9 articoli vengono utilizzati termini come \u201coggettivamente\u201d e \u201cscritto\u201d. Ad esempio per quanto riguarda le misure di sicurezza la legge richiede \u201cuna procedura per testare, verificare regolarmente l\u2019efficacia\u201d (Art.32) oppure il titolare \u201cdocumenta qualsiasi violazione dei dati personali, comprese le circostanze a essa relative, le sue conseguenze e i provvedimenti adottati per porvi rimedio\u201d (Art.33) e infine, rispetto ai registri del trattamento, devono essere \u201ctenuti in forma scritta, anche in formato elettronico\u201d (Art. 30).<\/p>\n\n\n\n<p>L\u2019accountability prevede quindi un\u2019ampia delega all\u2019organizzazione per definire quelli che sono i rischi e di conseguenza i controlli da mettere in campo. Questo perch\u00e9 solo l\u2019azienda conosce il contesto in cui opera e gli obbiettivi da perseguire. Il prezzo di questa \u201cautonomia\u201d \u00e8 l\u2019inversione dell\u2019onere della prova, classico del diritto anglosassone. Pi\u00f9 concretamente significa che se accade qualcosa, l\u2019organizzazione sar\u00e0 presunta colpevole a meno che non dimostri di aver preso tutte le precauzioni possibili. Qualora non sia in grado di dimostrarlo sar\u00e0 sanzionata, e pu\u00f2 andare incontro a diversi spiacevoli inconvenienti.<\/p>\n\n\n\n<h3 class=\"wp-block-heading\"><strong><strong>Rischi per le aziende che non seguono la direttiva<\/strong><\/strong><\/h3>\n\n\n\n<p>Il livello sanzionatorio (Art.83) \u00e8 diviso in due grandi gruppi di violazioni:<\/p>\n\n\n\n<ul class=\"wp-block-list\">\n<li>Trattamento dei dati non consentiti<\/li>\n\n\n\n<li>Violazione dei principi del regolamento e dei diritti degli interessati<\/li>\n<\/ul>\n\n\n\n<p>Nel primo caso le sanzioni possono arrivare a 10.000.000 di euro, o per le imprese, fino AL 2% del fatturato totale annuo (intendendo, per multinazionali, il fatturato dell\u2019intero gruppo). Nel secondo la sanzione pu\u00f2 arrivare fino a 20.000.000 di euro, o per le imprese, fino al %4 del fatturato totale annuo.<\/p>\n\n\n\n<p>Un altro rischio significativo \u00e8 rappresentato dall\u2019articolo 82 il quale stabilisce che chiunque subisca un danno materiale o immateriale causato da una violazione ha diritto ad ottenere un risarcimento danni dal titolare o dal responsabile del trattamento. Infine l\u2019articolo 84 prevede che gli stati membri stabiliscano le norme relative alle altre sanzioni per le violazioni, di conseguenza la norma lascia ampia discrezionalit\u00e0 ai governi per definire eventuali condanne penali.<\/p>\n\n\n\n<p><\/p>\n","protected":false},"excerpt":{"rendered":"<p>Il Gdpr \u00e8 il regolamento Europeo 2016\/679 adottato il 27 aprile 2016, che diventer\u00e0 efficace in tutta l\u2019Unione Europea il prossimo 25 maggio. La legge ha lo scopo di garantire un\u2019adeguata trasparenza nei confronti dei consumatori, spiegando loro  quale utilizzo sar\u00e0 fatto dei loro dati&#8230;<\/p>\n","protected":false},"author":4,"featured_media":1950,"comment_status":"closed","ping_status":"open","sticky":false,"template":"","format":"standard","meta":{"_acf_changed":false,"content-type":"","footnotes":""},"categories":[10],"tags":[],"class_list":["post-1945","post","type-post","status-publish","format-standard","has-post-thumbnail","hentry","category-notizie-dal-mondo"],"acf":[],"_links":{"self":[{"href":"https:\/\/www.fluentis.com\/it\/wp-json\/wp\/v2\/posts\/1945","targetHints":{"allow":["GET"]}}],"collection":[{"href":"https:\/\/www.fluentis.com\/it\/wp-json\/wp\/v2\/posts"}],"about":[{"href":"https:\/\/www.fluentis.com\/it\/wp-json\/wp\/v2\/types\/post"}],"author":[{"embeddable":true,"href":"https:\/\/www.fluentis.com\/it\/wp-json\/wp\/v2\/users\/4"}],"replies":[{"embeddable":true,"href":"https:\/\/www.fluentis.com\/it\/wp-json\/wp\/v2\/comments?post=1945"}],"version-history":[{"count":5,"href":"https:\/\/www.fluentis.com\/it\/wp-json\/wp\/v2\/posts\/1945\/revisions"}],"predecessor-version":[{"id":3298,"href":"https:\/\/www.fluentis.com\/it\/wp-json\/wp\/v2\/posts\/1945\/revisions\/3298"}],"wp:featuredmedia":[{"embeddable":true,"href":"https:\/\/www.fluentis.com\/it\/wp-json\/wp\/v2\/media\/1950"}],"wp:attachment":[{"href":"https:\/\/www.fluentis.com\/it\/wp-json\/wp\/v2\/media?parent=1945"}],"wp:term":[{"taxonomy":"category","embeddable":true,"href":"https:\/\/www.fluentis.com\/it\/wp-json\/wp\/v2\/categories?post=1945"},{"taxonomy":"post_tag","embeddable":true,"href":"https:\/\/www.fluentis.com\/it\/wp-json\/wp\/v2\/tags?post=1945"}],"curies":[{"name":"wp","href":"https:\/\/api.w.org\/{rel}","templated":true}]}}